{"id":373,"date":"2022-01-21T14:55:40","date_gmt":"2022-01-21T14:55:40","guid":{"rendered":"https:\/\/www.cirugiaparatodos.com.mx\/blog\/?p=373"},"modified":"2024-09-30T18:03:05","modified_gmt":"2024-09-30T18:03:05","slug":"omicron-el-velocista-que-conoce-muy-bien-los-sprints","status":"publish","type":"post","link":"https:\/\/www.cirugiaparatodos.com.mx\/blog\/omicron-el-velocista-que-conoce-muy-bien-los-sprints\/","title":{"rendered":"Omicron, el velocista que conoce muy bien los sprints"},"content":{"rendered":"<p>A poco m\u00e1s de un mes de darse a conocer los primeros casos de esta nueva variante, la evidencia cient\u00edfica a\u00fan es limitada, sin embargo parece existir una presentaci\u00f3n cl\u00ednica menos severa\u00a0al contraer \u00d3micron.<\/p>\n<p><!--more--><\/p>\n<p>Aunque generalmente <span style=\"color: #33cccc;\"><strong>toma semanas incluso meses<\/strong><\/span>, poder contar con la cantidad suficiente de datos cl\u00ednicos para tener conclusiones sobre el <span style=\"color: #33cccc;\"><strong>impacto\u00a0de una variante espec\u00edfica respecto al riesgo de contagio<\/strong><\/span>, los ingresos hospitalarios, la necesidad de terapia intensiva y muertes.<\/p>\n<h3><strong>Por lo que el verdadero riesgo\u00a0de contraer una infecci\u00f3n grave puede estar subestimado por el gran n\u00famero de personas vacunadas o previamente infectadas, caso particular con \u00d3micron, ya que no hab\u00eda sucedido al inicio de las olas de contagio anteriores.<\/strong><\/h3>\n<p>&nbsp;<\/p>\n<p>Tanto la vacunaci\u00f3n \u00a0como la infecci\u00f3n previas otorgan una inmunidad que influye en la presentaci\u00f3n cl\u00ednica mas indulgente y menos severa.<\/p>\n<p>Por lo que el verdadero riesgo\u00a0de contraer una infecci\u00f3n grave puede estar subestimado por el gran n\u00famero de personas vacunadas o previamente infectadas, caso particular con <span style=\"color: #33cccc;\"><strong>\u00d3micron<\/strong><\/span>, ya que no hab\u00eda sucedido al inicio de las olas de contagio anteriores.<\/p>\n<p>Perfil\u00e1ndolo como un velocista comparado con sus antecesores o tal vez, como un virus m\u00e1s depurado en su carrera de propagaci\u00f3n, entendiendo que sus competidores las vacunas, se han desarrollado en un tiempo r\u00e9cord.<\/p>\n<p>La combinaci\u00f3n de una<span style=\"color: #33cccc;\"><strong> mayor tasa de crecimiento y la evasi\u00f3n de la inmunidad<\/strong><\/span> del hospedero, indican que cualquier ventaja potencial que queramos ver en <span style=\"color: #33cccc;\"><strong>\u00d3micron<\/strong><\/span> por una menor severidad al ser contagiados.<\/p>\n<p>Puede soslayarse por el<span style=\"color: #33cccc;\"><strong> aumento en las tasas de infecci\u00f3n<\/strong> <\/span>lo que genera un carga sustancial a los servicios de salud, donde los facilitadores de dichos servicios no han dejado de trabajar desde Marzo 2020, cuando la <span style=\"color: #33cccc;\"><strong>pandemia<\/strong><\/span> se declar\u00f3.<\/p>\n<p>De tal suerte, que el nivel general de riesgo para la salud p\u00fablica derivado de la propagaci\u00f3n de esta variante, se eval\u00faa como de\u00a0<span style=\"color: #33cccc;\"><strong>muy alto\u00a0<\/strong><\/span>en paises de la Uni\u00f3n Europea y Am\u00e9rica del Norte.<\/p>\n<p>Hablando espec\u00edficamente del comportamiemto de la vacuna, la inmunidad celular es considerada de vital importancia para la protecci\u00f3n contra la enfermedad\u00a0<em>severa\u00a0<\/em>por <span style=\"color: #33cccc;\"><strong>COVID19.<\/strong><\/span><\/p>\n<p>Sin embargo la expectativa es que la efectividad de la vacuna contra la enfermedad grave sea algo reducida, aunque m\u00e1s alta y sostenida que la observada con otras variantes para \u00a0la infecci\u00f3n y la enfermedad sintom\u00e1tica debida a \u00d3micron.<\/p>\n<h3><strong>Los datos preliminares sugieren una disminuci\u00f3n del 65% en las hospitalizaciones en comparaci\u00f3n con la variante Delta.<\/strong><\/h3>\n<h2><strong>\u00bfQu\u00e9 podemos esperar para los siguientes d\u00edas?<\/strong><\/h2>\n<p>Estamos observando un incremento sustancial en la notificaci\u00f3n de casos, derivado de la propagaci\u00f3n\u00a0acelerada de \u00d3micron, dando lugar a un aumento en las tasas de ausentismo laboral incluso entre los prestadores de servicios de salud \u00a0y otros trabajos esenciales.<\/p>\n<p>Tal es el caso de las aerol\u00edneas mexicanas, como bien lo informaba\u00a0<em>Flight aware (<\/em>el portal de tr\u00e1fico a\u00e9reo) el <span style=\"color: #33cccc;\"><strong>7 de Enero se cancelaron el 16%<\/strong> <\/span>de los vuelos previstos para ese d\u00eda (el equivalente a 50 viajes) y hubo innumerables <span style=\"color: #33cccc;\"><strong>retrasos de hasta 24 horas<\/strong><\/span> todo ello derivado del contagio con COVID19 de al menos 75 pilotos pertenecientes a la aerol\u00ednea bandera de M\u00e9xico.<\/p>\n<p>Hasta el momento de ser redactado este art\u00edculo, las fallas en la operaci\u00f3n se perpet\u00faan en el Aeropuerto Internacional de la Ciudad de M\u00e9xico y a nivel mundial miles de vuelos han sido cancelados.<\/p>\n<h3><strong>Lo cual pone en evidencia una abrumadora carga para los trabajos esenciales en todo el globo.<\/strong><\/h3>\n<p>&nbsp;<\/p>\n<p>La esperanza es, que esta variante sea un corredor de velocidad y no de fondo, aunque por lo pronto, parece que sabe de relevos y ser\u00e1 algo que sin duda en los pr\u00f3ximos d\u00edas lo aclararemos.<\/p>\n<p>Necesitamos<span style=\"color: #33cccc;\"><strong> reforzar las medidas contra la propagaci\u00f3n del virus<\/strong><\/span>, lo que significa no acudir a espacios cerrados\u00a0\u00a0y evitar sostener \u00a0reuniones con un gran n\u00famero de personas incluso al aire libre, <span style=\"color: #33cccc;\"><strong>mantener el uso de cubrebocas<\/strong><\/span> como la medida social m\u00e1s responsable que podemos fomentar y si est\u00e1 en nuestras manos.<\/p>\n<h3><strong>Hay que ejercer el uso de de las herramientas digitales y potencializar el teletrabajo con nuestros colegas y subordinados.<\/strong><\/h3>\n<p>&nbsp;<\/p>\n<p>La <span style=\"color: #33cccc;\"><strong>vacunaci\u00f3n es y seguir\u00e1 siendo un elemento clave<\/strong><\/span> para el manejo de esta pandemia y contrarrestar los efectos globales de la misma, siendo las dosis de refuerzo de suma importancia as\u00ed como la reivindicacion de aquellas personas que a\u00fan no han podido acceder a ninguna dosis de vacuna.<\/p>\n<p>Ya que \u00d3micron no parece que vaya a dar tregua r\u00e1pido y mientras m\u00e1s tardemos en darnos cuenta y acelerar nuestro actuar, menos indulgente ser\u00e1 el desenlace.<\/p>\n<h3><strong>FUENTES:<\/strong><\/h3>\n<ul>\n<li><em>https:\/\/elpais.com\/mexico\/2022-01-07\/el-contagio-de-140-tripulantes-de-aeromexico-con-covid-afecta-las-operaciones-de-la-aerolinea.html\u00a0<\/em><\/li>\n<li><em>https:\/\/www.ecdc.europa.eu\/en\/news-events\/weekly-epidemiological-update-omicron-variant-concern-voc-week-1-data-7-january-2022<\/em><\/li>\n<li><em>https:\/\/www.who.int\/news\/item\/26-11-2021-classification-of-omicron-(b.1.1.529)-sars-cov-2-variant-of-concern<\/em><\/li>\n<\/ul>\n<h2>Encuentra m\u00e1s art\u00edculos como este en mi<a href=\"https:\/\/www.linkedin.com\/in\/dra-nahim-barron-cirug%C3%ADa-gastrointestinal-y-end%C3%B3crina-4912b9227\/detail\/recent-activity\/posts\/\"><span style=\"color: #33cccc;\"><strong> perfil de LinkedIn<\/strong><\/span><\/a><\/h2>\n","protected":false},"excerpt":{"rendered":"<p>A poco m\u00e1s de un mes de darse a conocer los primeros casos de esta nueva variante, la evidencia cient\u00edfica a\u00fan es limitada, sin embargo parece existir una presentaci\u00f3n cl\u00ednica menos severa\u00a0al contraer \u00d3micron.<\/p>\n","protected":false},"author":4,"featured_media":400,"comment_status":"open","ping_status":"open","sticky":false,"template":"","format":"standard","meta":{"footnotes":""},"categories":[130],"tags":[106,76,109,107,108],"_links":{"self":[{"href":"https:\/\/www.cirugiaparatodos.com.mx\/blog\/wp-json\/wp\/v2\/posts\/373"}],"collection":[{"href":"https:\/\/www.cirugiaparatodos.com.mx\/blog\/wp-json\/wp\/v2\/posts"}],"about":[{"href":"https:\/\/www.cirugiaparatodos.com.mx\/blog\/wp-json\/wp\/v2\/types\/post"}],"author":[{"embeddable":true,"href":"https:\/\/www.cirugiaparatodos.com.mx\/blog\/wp-json\/wp\/v2\/users\/4"}],"replies":[{"embeddable":true,"href":"https:\/\/www.cirugiaparatodos.com.mx\/blog\/wp-json\/wp\/v2\/comments?post=373"}],"version-history":[{"count":33,"href":"https:\/\/www.cirugiaparatodos.com.mx\/blog\/wp-json\/wp\/v2\/posts\/373\/revisions"}],"predecessor-version":[{"id":412,"href":"https:\/\/www.cirugiaparatodos.com.mx\/blog\/wp-json\/wp\/v2\/posts\/373\/revisions\/412"}],"wp:featuredmedia":[{"embeddable":true,"href":"https:\/\/www.cirugiaparatodos.com.mx\/blog\/wp-json\/wp\/v2\/media\/400"}],"wp:attachment":[{"href":"https:\/\/www.cirugiaparatodos.com.mx\/blog\/wp-json\/wp\/v2\/media?parent=373"}],"wp:term":[{"taxonomy":"category","embeddable":true,"href":"https:\/\/www.cirugiaparatodos.com.mx\/blog\/wp-json\/wp\/v2\/categories?post=373"},{"taxonomy":"post_tag","embeddable":true,"href":"https:\/\/www.cirugiaparatodos.com.mx\/blog\/wp-json\/wp\/v2\/tags?post=373"}],"curies":[{"name":"wp","href":"https:\/\/api.w.org\/{rel}","templated":true}]}}